{"id":1474,"date":"2026-02-24T15:59:22","date_gmt":"2026-02-24T14:59:22","guid":{"rendered":"https:\/\/gruene-idstein.de\/?p=1474"},"modified":"2026-02-24T15:59:22","modified_gmt":"2026-02-24T14:59:22","slug":"gruen-wirkt-in-idstein-wir-ziehen-bilanz","status":"publish","type":"post","link":"https:\/\/gruene-idstein.de\/index.php\/2026\/02\/24\/gruen-wirkt-in-idstein-wir-ziehen-bilanz\/","title":{"rendered":"Gr\u00fcn wirkt in Idstein &#8211; wir ziehen Bilanz"},"content":{"rendered":"\n<p class=\"wp-block-paragraph\">Wir haben unsere Mandate in der Stadtverordnetenversammlung, im Magistrat sowie in den Ortsbeir\u00e4ten Idstein-Kern und W\u00f6rsdorf zum Wohle Idsteins genutzt. Von \u00fcber 70 Antr\u00e4gen wurde der weit \u00fcberwiegende Teil von der Stadtverordnetenversammlung beschlossen. Einige Resultate unseres Wirkens:<\/p>\n\n\n\n<h2 class=\"wp-block-heading\">ENERGIEWENDE IN IDSTEIN: L\u00c4UFT<\/h2>\n\n\n\n<ul class=\"wp-block-list\">\n<li>Solarpark Rosenkippel in Betrieb<\/li>\n\n\n\n<li>Windkraft f\u00fcr Idstein unter Dach und Fach<\/li>\n\n\n\n<li>Solaranlagen in der denkmalgesch\u00fctzten Altstadt m\u00f6glich<\/li>\n\n\n\n<li>PV-Anlagen auf ersten st\u00e4dtischen Geb\u00e4uden<\/li>\n\n\n\n<li>kommunales Solar-F\u00f6rderprogramm<\/li>\n\n\n\n<li>professionelles Klimaschutz- und Energiemanagement<\/li>\n<\/ul>\n\n\n\n<h2 class=\"wp-block-heading\">SOZIALE GERECHTIGKEIT: VERBESSERT<\/h2>\n\n\n\n<ul class=\"wp-block-list\">\n<li>gestaffelte Kita-Beitr\u00e4ge \u2013 starke Schultern tragen mehr<\/li>\n\n\n\n<li>Quote f\u00fcr sozialen Wohnungsbau<\/li>\n<\/ul>\n\n\n\n<h2 class=\"wp-block-heading\">STADT- UND VERKEHRSENTWICKLUNG IDSTEIN: MEHR LEBENSQUALIT\u00c4T<\/h2>\n\n\n\n<ul class=\"wp-block-list\">\n<li>viele Impulse im Radverkehrskonzept mit begonnener Umsetzung<\/li>\n\n\n\n<li>Stadtentwicklungskonzept mit begrenztem Fl\u00e4chenverbrauch<\/li>\n\n\n\n<li>mehr Tempo 30 in Idstein<\/li>\n\n\n\n<li>Verkehrsentwicklungsplan mit F\u00f6rderung des nichtmotorisierten Verkehrs<\/li>\n<\/ul>\n\n\n\n<h2 class=\"wp-block-heading\">WALD: NACHHALTIG BEWIRTSCHAFTET UND GESUND<\/h2>\n\n\n\n<ul class=\"wp-block-list\">\n<li>FSC-Zertifizierung<\/li>\n\n\n\n<li>das Vorsorgeprinzip gilt<\/li>\n\n\n\n<li>negative Umweltauswirkungen durch Bewirtschaftung werden vermieden<\/li>\n\n\n\n<li>soziale und wirtschaftliche Situation der im Forst Besch\u00e4ftigten wird erhalten oder verbessert<\/li>\n<\/ul>\n\n\n\n<h2 class=\"wp-block-heading\">BARRIEREFREIHEIT: SELBSTVERST\u00c4NDLICH<\/h2>\n\n\n\n<ul class=\"wp-block-list\">\n<li>erster Rollstreifen f\u00fcr Menschen mit eingeschr\u00e4nkter Mobilit\u00e4t in der Altstadt<\/li>\n\n\n\n<li>barrierefreies B\u00fcrgerb\u00fcro<\/li>\n\n\n\n<li>barrierefreie Toiletten in der Altstadt<\/li>\n<\/ul>\n\n\n\n<h2 class=\"wp-block-heading\">WIDER DAS VERGESSEN: WICHTIG UND KONSEQUENT<\/h2>\n\n\n\n<ul class=\"wp-block-list\">\n<li>Einsatz f\u00fcr Gedenkst\u00e4tten in Idstein<\/li>\n\n\n\n<li>Unterst\u00fctzung von Gedenkst\u00e4ttenfahrten f\u00fcr Sch\u00fcler:innen<\/li>\n\n\n\n<li>klare Distanzierung von Nazi-Verehrer:innen<\/li>\n<\/ul>\n\n\n\n<hr class=\"wp-block-separator has-alpha-channel-opacity\"\/>\n\n\n\n<h2 class=\"wp-block-heading\">Wie haben wir das erreicht?<\/h2>\n\n\n\n<p class=\"wp-block-paragraph\">Insbesondere mit insgesamt 77 schriftlichen Antr\u00e4gen in der Stadtverordnetenversammlung. Davon wurden 17 einstimmig und 11 mehrheitlich beschlossen, 24 wurden ver\u00e4ndert beschlossen. Die Details &#8211; darunter auch unsere Impulse \u00fcber Ortsbeir\u00e4te &#8211; k\u00f6nnen <a href=\"https:\/\/gruene-idstein.de\/index.php\/antraege\/\" data-type=\"page\" data-id=\"415\">hier<\/a> nachgelesen werden.<\/p>\n","protected":false},"excerpt":{"rendered":"<p>Wir haben unsere Mandate in der Stadtverordnetenversammlung, im Magistrat sowie in den Ortsbeir\u00e4ten Idstein-Kern und W\u00f6rsdorf zum Wohle Idsteins genutzt. Von \u00fcber 70 Antr\u00e4gen wurde der weit \u00fcberwiegende Teil von [&hellip;]<\/p>\n","protected":false},"author":-1,"featured_media":1476,"comment_status":"closed","ping_status":"closed","sticky":false,"template":"","format":"standard","meta":{"iawp_total_views":39,"footnotes":""},"categories":[1,5,23,21,7,19,8,18,11,14],"tags":[],"class_list":["post-1474","post","type-post","status-publish","format-standard","has-post-thumbnail","hentry","category-allgemein","category-antraege","category-gleichstellung-und-integration","category-historische-verantwortung","category-klimaschutz","category-kultur-sport-und-freizeit","category-mobilitaet","category-soziales","category-stadtentwicklung","category-wirtschaft"],"_links":{"self":[{"href":"https:\/\/gruene-idstein.de\/index.php\/wp-json\/wp\/v2\/posts\/1474","targetHints":{"allow":["GET"]}}],"collection":[{"href":"https:\/\/gruene-idstein.de\/index.php\/wp-json\/wp\/v2\/posts"}],"about":[{"href":"https:\/\/gruene-idstein.de\/index.php\/wp-json\/wp\/v2\/types\/post"}],"author":[{"embeddable":true,"href":"https:\/\/gruene-idstein.de\/index.php\/wp-json\/wp\/v2\/users\/3"}],"replies":[{"embeddable":true,"href":"https:\/\/gruene-idstein.de\/index.php\/wp-json\/wp\/v2\/comments?post=1474"}],"version-history":[{"count":1,"href":"https:\/\/gruene-idstein.de\/index.php\/wp-json\/wp\/v2\/posts\/1474\/revisions"}],"predecessor-version":[{"id":1475,"href":"https:\/\/gruene-idstein.de\/index.php\/wp-json\/wp\/v2\/posts\/1474\/revisions\/1475"}],"wp:featuredmedia":[{"embeddable":true,"href":"https:\/\/gruene-idstein.de\/index.php\/wp-json\/wp\/v2\/media\/1476"}],"wp:attachment":[{"href":"https:\/\/gruene-idstein.de\/index.php\/wp-json\/wp\/v2\/media?parent=1474"}],"wp:term":[{"taxonomy":"category","embeddable":true,"href":"https:\/\/gruene-idstein.de\/index.php\/wp-json\/wp\/v2\/categories?post=1474"},{"taxonomy":"post_tag","embeddable":true,"href":"https:\/\/gruene-idstein.de\/index.php\/wp-json\/wp\/v2\/tags?post=1474"}],"curies":[{"name":"wp","href":"https:\/\/api.w.org\/{rel}","templated":true}]}}