{"id":1525,"date":"2026-04-01T17:09:16","date_gmt":"2026-04-01T15:09:16","guid":{"rendered":"https:\/\/gruene-idstein.de\/?p=1525"},"modified":"2026-04-01T17:09:16","modified_gmt":"2026-04-01T15:09:16","slug":"start-in-die-fraktionsarbeit-2026-2031","status":"publish","type":"post","link":"https:\/\/gruene-idstein.de\/index.php\/2026\/04\/01\/start-in-die-fraktionsarbeit-2026-2031\/","title":{"rendered":"Start in die Fraktionsarbeit 2026-2031"},"content":{"rendered":"\n<p class=\"wp-block-paragraph\">Wir nehmen nach der Kommunalwahl jetzt z\u00fcgig die Arbeit f\u00fcr die Stadtverordnetenversammlung und die Ortsbeir\u00e4te in der Kernstadt und in W\u00f6rsdorf auf.<\/p>\n\n\n\n<p class=\"wp-block-paragraph\">Bei unserer konstituierenden Sitzung am 26. M\u00e4rz wurden in der Fraktion als neue Mitglieder Magdalena Fichter, Matthias Kalff und \u2013 f\u00fcr den Ortsbeirat W\u00f6rsdorf \u2013 Eva-Maria Blumenroth begr\u00fc\u00dft. Somit haben bei uns mehr Frauen als M\u00e4nner ein Mandat inne.<\/p>\n\n\n\n<p class=\"wp-block-paragraph\">Unsere Ortsverbands-Co-Vorsitzende Silke Bohrer dankte denen, die mit Ablauf der alten Wahlperiode aus der Fraktion ausscheiden, in der sie sich mehrere, teilweise sehr viele Jahre intensiv zum Wohle der Stadt Idstein eingesetzt haben. Diese sind Gert Richter (nach 36 Jahren!), Patrick Enge (nach 20 Jahren), Martin Stappel und Michael Scheurich. Paul Pokoyski scheidet zwar aus der Stadtverordnetenversammlung aus, arbeitet als Mitglied des Ortsbeirats Idstein-Kern aber weiter mit der Fraktion zusammen. Ein weiterer Dank galt Timo M\u00fcller, der in den letzten Jahren mit gro\u00dfem Engagement als Fraktionsvorsitzender t\u00e4tig war und nun weiterhin \u2013 neben seinem Einsatz im Kreistag \u2013 als Stadtverordneter aktiv ist.<\/p>\n\n\n\n<p class=\"wp-block-paragraph\">Zum Fraktionsvorsitzenden f\u00fcr die neue Wahlperiode w\u00e4hlte das Gremium Dr. Olaf Br\u00fcnger. Er hat in den letzten Jahren bereits als Stadtverordneter und im Ortsbeirat Idstein-Kern als Ortsvorsteher gewirkt. \u201eIch freue mich \u00fcber das Vertrauen und auf die neue Aufgabe \u2013 und hoffe sehr auf kr\u00e4ftige Mitwirkung durch die Erfahrenen und durch die mit frischem Schwung in die Fraktion Gekommenen.\u201c, sagt Olaf Br\u00fcnger dazu, und f\u00fchrt weiter aus: \u201eAls Ortsvorsteher war es mir stets ein Anliegen, nicht polarisierend zu wirken. Auch in der neuen Rolle m\u00f6chte ich mich zusammen mit den anderen demokratischen Fraktionen um bestm\u00f6gliche L\u00f6sungen bem\u00fchen, die berechtigte Interessen aller Seiten einbeziehen. Zugleich ist mir aber wichtig, vor allem bei historischer Verantwortung und Klimaschutz eine klare Haltung zu bewahren.\u201c Annette Reineke-Westphal, die als einzige Kandidatin in Idstein mehr als 5000 Stimmen bekommen hat, wird als stellvertretende Fraktionsvorsitzende ebenfalls einen herausgehobenen Beitrag zur Politik in Idstein leisten. F\u00fcr die n\u00e4chsten zwei Jahre steht dabei im Mittelpunkt, den Hessentag und die damit verbundenen Investitionen zukunftsorientiert und nachhaltig zu gestalten. <\/p>\n\n\n\n<p class=\"wp-block-paragraph\">Unsere Fraktion besteht somit aus<\/p>\n\n\n\n<ul class=\"wp-block-list\">\n<li>Dr. Olaf Br\u00fcnger (Fraktionsvorsitzender)<\/li>\n\n\n\n<li>Annette Reineke-Westphal (stellv. Fraktionsvorsitzende)<\/li>\n\n\n\n<li>Silke Bohrer<\/li>\n\n\n\n<li>Miriam Deppe<\/li>\n\n\n\n<li>Magdalena Fichter<\/li>\n\n\n\n<li>Dr. Matthias Kalff<\/li>\n\n\n\n<li>Kerstin Meinhardt<\/li>\n\n\n\n<li>Timo M\u00fcller<\/li>\n\n\n\n<li>Eva-Maria Blumenroth (in der erweiterten Fraktion als Ortsbeiratsmitglied W\u00f6rsdorf)<\/li>\n\n\n\n<li>Paul Pokoyski (in der erweiterten Fraktion als Ortsbeiratsmitglied Idstein-Kern).<\/li>\n<\/ul>\n\n\n\n<p class=\"wp-block-paragraph\">Wer von den Gr\u00fcnen in den Magistrat entsandt wird, werden wir in einer unserer n\u00e4chsten Sitzungen w\u00e4hlen.<\/p>\n\n\n\n<p class=\"wp-block-paragraph\">Zum Start der Wahlperiode f\u00fchren wir nun Gespr\u00e4che mit den anderen demokratischen Fraktionen, die zum Kennenlernen, zum Ausloten von Gemeinsamkeiten und zur Vorbereitung der konstituierenden Sitzung der Stadtverordnetenversammlung am 23. April 2026 dienen.<\/p>\n","protected":false},"excerpt":{"rendered":"<p>Wir nehmen nach der Kommunalwahl jetzt z\u00fcgig die Arbeit f\u00fcr die Stadtverordnetenversammlung und die Ortsbeir\u00e4te in der Kernstadt und in W\u00f6rsdorf auf. Bei unserer konstituierenden Sitzung am 26. M\u00e4rz wurden [&hellip;]<\/p>\n","protected":false},"author":-1,"featured_media":1527,"comment_status":"closed","ping_status":"closed","sticky":false,"template":"","format":"standard","meta":{"iawp_total_views":97,"footnotes":""},"categories":[1,27,4],"tags":[],"class_list":["post-1525","post","type-post","status-publish","format-standard","has-post-thumbnail","hentry","category-allgemein","category-kommunalwahl","category-nachrichten"],"_links":{"self":[{"href":"https:\/\/gruene-idstein.de\/index.php\/wp-json\/wp\/v2\/posts\/1525","targetHints":{"allow":["GET"]}}],"collection":[{"href":"https:\/\/gruene-idstein.de\/index.php\/wp-json\/wp\/v2\/posts"}],"about":[{"href":"https:\/\/gruene-idstein.de\/index.php\/wp-json\/wp\/v2\/types\/post"}],"author":[{"embeddable":true,"href":"https:\/\/gruene-idstein.de\/index.php\/wp-json\/wp\/v2\/users\/3"}],"replies":[{"embeddable":true,"href":"https:\/\/gruene-idstein.de\/index.php\/wp-json\/wp\/v2\/comments?post=1525"}],"version-history":[{"count":1,"href":"https:\/\/gruene-idstein.de\/index.php\/wp-json\/wp\/v2\/posts\/1525\/revisions"}],"predecessor-version":[{"id":1526,"href":"https:\/\/gruene-idstein.de\/index.php\/wp-json\/wp\/v2\/posts\/1525\/revisions\/1526"}],"wp:featuredmedia":[{"embeddable":true,"href":"https:\/\/gruene-idstein.de\/index.php\/wp-json\/wp\/v2\/media\/1527"}],"wp:attachment":[{"href":"https:\/\/gruene-idstein.de\/index.php\/wp-json\/wp\/v2\/media?parent=1525"}],"wp:term":[{"taxonomy":"category","embeddable":true,"href":"https:\/\/gruene-idstein.de\/index.php\/wp-json\/wp\/v2\/categories?post=1525"},{"taxonomy":"post_tag","embeddable":true,"href":"https:\/\/gruene-idstein.de\/index.php\/wp-json\/wp\/v2\/tags?post=1525"}],"curies":[{"name":"wp","href":"https:\/\/api.w.org\/{rel}","templated":true}]}}