{"id":24,"date":"2024-02-26T13:54:00","date_gmt":"2024-02-26T12:54:00","guid":{"rendered":"http:\/\/wordpress.p664698.webspaceconfig.de\/?p=24"},"modified":"2024-11-09T11:15:10","modified_gmt":"2024-11-09T10:15:10","slug":"mehr-platz-zum-flanieren","status":"publish","type":"post","link":"https:\/\/gruene-idstein.de\/index.php\/2024\/02\/26\/mehr-platz-zum-flanieren\/","title":{"rendered":"Mehr Platz zum Flanieren"},"content":{"rendered":"\n<p class=\"wp-block-paragraph\"><strong>Die Idsteiner Fraktion von B\u00fcndnis 90\/Die Gr\u00fcnen hat f\u00fcr die n\u00e4chste Sitzungsrunde der Idsteiner Kommunalpolitik einen Antrag eingebracht, im Rahmen eines Verkehrsversuchs einen Teil der Schulze-Delitzsch-Stra\u00dfe vom Autoverkehr zu befreien. Dadurch soll die Idsteiner Innenstadt wesentlich attraktiver f\u00fcr Fu\u00dfg\u00e4ngerinnen und Fu\u00dfg\u00e4nger werden. Zugleich wird unn\u00f6tiger Parkplatzsuchverkehr vermieden, der gerade an der Einm\u00fcndung der Rodergasse in die Wiesbadener bzw. Limburger Stra\u00dfe immer wieder f\u00fcr Verz\u00f6gerungen sorgt.<\/strong><\/p>\n\n\n\n<p class=\"wp-block-paragraph\">Konkret geht es den Gr\u00fcnen dabei um den Teil von Hausnummer 8 bis zur Einm\u00fcndung in die Rodergasse. Er f\u00fchrt an Gesch\u00e4ften, kleinen Einkehrm\u00f6glichkeiten, dem L\u00f6herplatz und der Sparkasse vorbei. Die Gestaltung ist eigentlich schon so, dass die Stra\u00dfe zum Durchbummeln einl\u00e4dt, also direkt als Fu\u00dfg\u00e4ngerzone ausgewiesen werden kann \u2013 bei Veranstaltungen wird das ja auch schon so gehandhabt.<\/p>\n\n\n\n<blockquote class=\"wp-block-quote is-layout-flow wp-block-quote-is-layout-flow\">\n<p class=\"wp-block-paragraph\"><strong><mark style=\"background-color:rgba(0, 0, 0, 0)\" class=\"has-inline-color has-klee-color\">\u201eEs ist wichtig, dass wir etwas gegen den v\u00f6llig unn\u00f6tigen Parkplatzsuchverkehr unternehmen.&#8220;<\/mark><\/strong><\/p>\n<cite>Annette Reineke-Westphal, Leiterin Bau- und Planungsausschuss<\/cite><\/blockquote>\n\n\n\n<p class=\"wp-block-paragraph\">\u201ePerspektivisch kann ich mir auch vorstellen, dass dort durch einen weiteren Brunnen, Spielm\u00f6glichkeiten f\u00fcr Kinder und st\u00e4rkere Begr\u00fcnung die Aufenthaltsqualit\u00e4t noch deutlich gesteigert werden kann. Zugleich w\u00fcrde damit etwas f\u00fcr das Kleinklima in der Fu\u00dfg\u00e4ngerzone getan\u201c, blickt Martin Stappel, der f\u00fcr die Gr\u00fcnen auch dem Idsteiner Klimaschutz-, Umwelt- und Betriebsausschuss vorsitzt, weiter in die Zukunft. Als ersten Schritt stellen sich die Gr\u00fcnen ein paar Ruheb\u00e4nke und ein oder zwei B\u00e4ume, ggf. in K\u00fcbeln, vor.<\/p>\n\n\n\n<p class=\"wp-block-paragraph\">Annette Reineke-Westphal, die den Bau- und Planungsausschuss leitet, f\u00fchrt aus: \u201eEs ist wichtig, dass wir etwas gegen den v\u00f6llig unn\u00f6tigen Parkplatzsuchverkehr unternehmen. Die jetzige Nutzung der Stra\u00dfe l\u00e4dt geradezu dazu ein, mindestens einmal da durchzufahren in der Hoffnung, eine freie Parkl\u00fccke zu erwischen \u2013 wenn auch meistens vergebens.\u201c<\/p>\n\n\n\n<p class=\"wp-block-paragraph\">Den Gr\u00fcnen ist dabei durchaus wichtig, Parkm\u00f6glichkeiten f\u00fcr behinderte Menschen aufrecht zu erhalten. Daher sollen die ersten zwei Parkl\u00fccken am Anfang des Stra\u00dfenabschnitts beibehalten werden.<\/p>\n","protected":false},"excerpt":{"rendered":"<p>Die Idsteiner Fraktion von B\u00fcndnis 90\/Die Gr\u00fcnen hat f\u00fcr die n\u00e4chste Sitzungsrunde der Idsteiner Kommunalpolitik einen Antrag eingebracht, im Rahmen eines Verkehrsversuchs einen Teil der Schulze-Delitzsch-Stra\u00dfe vom Autoverkehr zu befreien. [&hellip;]<\/p>\n","protected":false},"author":-1,"featured_media":881,"comment_status":"closed","ping_status":"closed","sticky":false,"template":"","format":"standard","meta":{"iawp_total_views":15,"footnotes":""},"categories":[5,8,11],"tags":[],"class_list":["post-24","post","type-post","status-publish","format-standard","has-post-thumbnail","hentry","category-antraege","category-mobilitaet","category-stadtentwicklung"],"_links":{"self":[{"href":"https:\/\/gruene-idstein.de\/index.php\/wp-json\/wp\/v2\/posts\/24","targetHints":{"allow":["GET"]}}],"collection":[{"href":"https:\/\/gruene-idstein.de\/index.php\/wp-json\/wp\/v2\/posts"}],"about":[{"href":"https:\/\/gruene-idstein.de\/index.php\/wp-json\/wp\/v2\/types\/post"}],"author":[{"embeddable":true,"href":"https:\/\/gruene-idstein.de\/index.php\/wp-json\/wp\/v2\/users\/1"}],"replies":[{"embeddable":true,"href":"https:\/\/gruene-idstein.de\/index.php\/wp-json\/wp\/v2\/comments?post=24"}],"version-history":[{"count":2,"href":"https:\/\/gruene-idstein.de\/index.php\/wp-json\/wp\/v2\/posts\/24\/revisions"}],"predecessor-version":[{"id":250,"href":"https:\/\/gruene-idstein.de\/index.php\/wp-json\/wp\/v2\/posts\/24\/revisions\/250"}],"wp:featuredmedia":[{"embeddable":true,"href":"https:\/\/gruene-idstein.de\/index.php\/wp-json\/wp\/v2\/media\/881"}],"wp:attachment":[{"href":"https:\/\/gruene-idstein.de\/index.php\/wp-json\/wp\/v2\/media?parent=24"}],"wp:term":[{"taxonomy":"category","embeddable":true,"href":"https:\/\/gruene-idstein.de\/index.php\/wp-json\/wp\/v2\/categories?post=24"},{"taxonomy":"post_tag","embeddable":true,"href":"https:\/\/gruene-idstein.de\/index.php\/wp-json\/wp\/v2\/tags?post=24"}],"curies":[{"name":"wp","href":"https:\/\/api.w.org\/{rel}","templated":true}]}}