{"id":635,"date":"2023-02-20T19:27:00","date_gmt":"2023-02-20T18:27:00","guid":{"rendered":"http:\/\/wordpress.p664698.webspaceconfig.de\/?p=635"},"modified":"2024-04-18T19:29:11","modified_gmt":"2024-04-18T17:29:11","slug":"freigabe-von-einbahnstrassen-in-gegenrichtung-fuer-fahrraeder","status":"publish","type":"post","link":"https:\/\/gruene-idstein.de\/index.php\/2023\/02\/20\/freigabe-von-einbahnstrassen-in-gegenrichtung-fuer-fahrraeder\/","title":{"rendered":"Freigabe von Einbahnstra\u00dfen in Gegenrichtung f\u00fcr Fahrr\u00e4der"},"content":{"rendered":"\n<p class=\"wp-block-paragraph\">Viele Einbahnstra\u00dfen in Idstein haben in den letzten Wochen neue Verkehrsschilder erhalten, die anzeigen, dass sie f\u00fcr den Radverkehr in beiden Fahrrichtungen freigegeben wurden. \u00bbDiese Ma\u00dfnahme erleichtert die Nutzung des Fahrrads im Alltag\u00ab, freut sich die stellvertretende Fraktionsvorsitzende der Idsteiner GR\u00dcNEN Kerstin Meinhardt. \u00bbDie Nutzung des Fahrrads ist ein wichtiger Baustein in einem zukunftsf\u00e4higen Verkehrskonzept und ein Beitrag zum Klimaschutz. Die Idsteiner GR\u00dcNEN freuen sich, dass endlich nachhaltige Mobilit\u00e4t gef\u00f6rdert wird.\u00ab Sie erinnern daran, dass diese verkehrspolitisch sinnvolle Ma\u00dfnahme seit vielen Jahren vergeblich von den GR\u00dcNEN in der Stadtverordnetenversammlung gefordert wurde. \u00bbSch\u00f6n, dass dies jetzt endlich auch in Idstein m\u00f6glich wurde. Es ist h\u00f6chste Zeit, dass wir Idstein fahrradtauglicher machen.\u00ab Der Runde Tisch Radverkehr hatte sich im Sommer ebenfalls f\u00fcr die \u00d6ffnung von Einbahnstra\u00dfen f\u00fcr den Radverkehr stark gemacht und im Verkehrsentwicklungsplan f\u00fcr Idstein, der derzeit in den Gremien beraten wird, wird ebenfalls daf\u00fcr pl\u00e4diert.<\/p>\n\n\n\n<p class=\"wp-block-paragraph\">\u00bbDiese \u00c4nderungen werden dazu beitragen, den Radverkehr sicherer und bequemer zu gestalten und die Mobilit\u00e4t f\u00fcr alle B\u00fcrgerinnen und B\u00fcrger zu verbessern\u00ab, so Meinhardt. Sie verweist darauf, dass es sich um Tempo-30-Zonen handelt. Untersuchungen w\u00fcrden belegen, dass die Unfallh\u00e4ufigkeit in Einbahnstra\u00dfen auch nach \u00d6ffnung f\u00fcr entgegengerichteten Radverkehr gering seien und eine Reihe an Voraussetzung zur Freigabe erf\u00fcllt sein m\u00fcssen, so zum Beispiel eine ausreichende Fahrbahnbreite und gute Sichtverh\u00e4ltnisse. \u00bbNach meiner Kenntnis sind bisher 22 Stra\u00dfen freigeben, weil sie den Bedingungen entsprechen. Ich hoffe, dass diese \u00c4nderungen dazu beitragen werden, dass mehr Menschen auf das Fahrrad als umweltfreundliches und gesundes Verkehrsmittel umsteigen.\u00ab<\/p>\n","protected":false},"excerpt":{"rendered":"<p>Viele Einbahnstra\u00dfen in Idstein haben in den letzten Wochen neue Verkehrsschilder erhalten, die anzeigen, dass sie f\u00fcr den Radverkehr in beiden Fahrrichtungen freigegeben wurden. \u00bbDiese Ma\u00dfnahme erleichtert die Nutzung des [&hellip;]<\/p>\n","protected":false},"author":-1,"featured_media":636,"comment_status":"closed","ping_status":"closed","sticky":false,"template":"","format":"standard","meta":{"iawp_total_views":6,"footnotes":""},"categories":[7,8,11],"tags":[],"class_list":["post-635","post","type-post","status-publish","format-standard","has-post-thumbnail","hentry","category-klimaschutz","category-mobilitaet","category-stadtentwicklung"],"_links":{"self":[{"href":"https:\/\/gruene-idstein.de\/index.php\/wp-json\/wp\/v2\/posts\/635","targetHints":{"allow":["GET"]}}],"collection":[{"href":"https:\/\/gruene-idstein.de\/index.php\/wp-json\/wp\/v2\/posts"}],"about":[{"href":"https:\/\/gruene-idstein.de\/index.php\/wp-json\/wp\/v2\/types\/post"}],"author":[{"embeddable":true,"href":"https:\/\/gruene-idstein.de\/index.php\/wp-json\/wp\/v2\/users\/1"}],"replies":[{"embeddable":true,"href":"https:\/\/gruene-idstein.de\/index.php\/wp-json\/wp\/v2\/comments?post=635"}],"version-history":[{"count":1,"href":"https:\/\/gruene-idstein.de\/index.php\/wp-json\/wp\/v2\/posts\/635\/revisions"}],"predecessor-version":[{"id":637,"href":"https:\/\/gruene-idstein.de\/index.php\/wp-json\/wp\/v2\/posts\/635\/revisions\/637"}],"wp:featuredmedia":[{"embeddable":true,"href":"https:\/\/gruene-idstein.de\/index.php\/wp-json\/wp\/v2\/media\/636"}],"wp:attachment":[{"href":"https:\/\/gruene-idstein.de\/index.php\/wp-json\/wp\/v2\/media?parent=635"}],"wp:term":[{"taxonomy":"category","embeddable":true,"href":"https:\/\/gruene-idstein.de\/index.php\/wp-json\/wp\/v2\/categories?post=635"},{"taxonomy":"post_tag","embeddable":true,"href":"https:\/\/gruene-idstein.de\/index.php\/wp-json\/wp\/v2\/tags?post=635"}],"curies":[{"name":"wp","href":"https:\/\/api.w.org\/{rel}","templated":true}]}}