{"id":643,"date":"2024-04-20T09:49:30","date_gmt":"2024-04-20T07:49:30","guid":{"rendered":"http:\/\/wordpress.p664698.webspaceconfig.de\/?p=643"},"modified":"2024-05-28T16:09:39","modified_gmt":"2024-05-28T14:09:39","slug":"aufsuchende-energieberatung-in-idstein","status":"publish","type":"post","link":"https:\/\/gruene-idstein.de\/index.php\/2024\/04\/20\/aufsuchende-energieberatung-in-idstein\/","title":{"rendered":"Aufsuchende Energieberatung in Idstein"},"content":{"rendered":"\n<p class=\"wp-block-paragraph\">Wie gehe ich es an, mein Haus energetisch zu sanieren? Wo fange ich \u00fcberhaupt an? Diese Frage stellen sich viele Idsteinerinnen und Idsteiner, denen ein Ein- oder Zweifamilienhaus geh\u00f6rt. Die gr\u00fcne Stadtverordnete Annette Reineke-Westphal, die auch den Bau- und Planungsausschuss leitet, erlebt: \u201eGerade in Gebieten wie Eisenbach oder G\u00e4nsberg stehen H\u00e4user, die in puncto Energieverbrauch nicht mehr auf dem aktuellen Stand sind. Wem eine vollst\u00e4ndige Rundumsanierung zu viel ist, f\u00e4ngt dann zum Beispiel mit neuen Fenstern an, obwohl eine Fassaden- oder Dachd\u00e4mmung vielleicht beim konkreten Geb\u00e4ude viel mehr bringen k\u00f6nnte, oder umgekehrt.\u201c<\/p>\n\n\n\n<p class=\"wp-block-paragraph\">Da k\u00f6nnte eine erste Energieberatung durch jemand Kompetentes direkt am und im Haus eine Hilfe sein. Die Landesenergieagentur unterst\u00fctzt Kommunen, eine aufsuchende Energieberatung vorzubereiten und durchzuf\u00fchren, und f\u00f6rdert diese Ma\u00dfnahme auch. \u201eIch finde, hier sollte Idstein sich beteiligen. Dadurch profitieren die Hauseigent\u00fcmerinnen und -eigent\u00fcmer ebenso wie die Stadt Idstein selbst\u201c, stellt Martin Stappel, der f\u00fcr die Gr\u00fcnen auch dem Klima-, Umwelt- und Betriebsausschuss vorsitzt, heraus und erg\u00e4nzt: \u201eWir hoffen darauf, dass auch die anderen Fraktionen diesem gr\u00fcnen Vorschlag folgen.\u201c<\/p>\n","protected":false},"excerpt":{"rendered":"<p>Wie gehe ich es an, mein Haus energetisch zu sanieren? Wo fange ich \u00fcberhaupt an? Diese Frage stellen sich viele Idsteinerinnen und Idsteiner, denen ein Ein- oder Zweifamilienhaus geh\u00f6rt. Die [&hellip;]<\/p>\n","protected":false},"author":-1,"featured_media":644,"comment_status":"closed","ping_status":"closed","sticky":false,"template":"","format":"standard","meta":{"iawp_total_views":30,"footnotes":""},"categories":[1,7,4,18,11],"tags":[],"class_list":["post-643","post","type-post","status-publish","format-standard","has-post-thumbnail","hentry","category-allgemein","category-klimaschutz","category-nachrichten","category-soziales","category-stadtentwicklung"],"_links":{"self":[{"href":"https:\/\/gruene-idstein.de\/index.php\/wp-json\/wp\/v2\/posts\/643","targetHints":{"allow":["GET"]}}],"collection":[{"href":"https:\/\/gruene-idstein.de\/index.php\/wp-json\/wp\/v2\/posts"}],"about":[{"href":"https:\/\/gruene-idstein.de\/index.php\/wp-json\/wp\/v2\/types\/post"}],"author":[{"embeddable":true,"href":"https:\/\/gruene-idstein.de\/index.php\/wp-json\/wp\/v2\/users\/1"}],"replies":[{"embeddable":true,"href":"https:\/\/gruene-idstein.de\/index.php\/wp-json\/wp\/v2\/comments?post=643"}],"version-history":[{"count":1,"href":"https:\/\/gruene-idstein.de\/index.php\/wp-json\/wp\/v2\/posts\/643\/revisions"}],"predecessor-version":[{"id":645,"href":"https:\/\/gruene-idstein.de\/index.php\/wp-json\/wp\/v2\/posts\/643\/revisions\/645"}],"wp:featuredmedia":[{"embeddable":true,"href":"https:\/\/gruene-idstein.de\/index.php\/wp-json\/wp\/v2\/media\/644"}],"wp:attachment":[{"href":"https:\/\/gruene-idstein.de\/index.php\/wp-json\/wp\/v2\/media?parent=643"}],"wp:term":[{"taxonomy":"category","embeddable":true,"href":"https:\/\/gruene-idstein.de\/index.php\/wp-json\/wp\/v2\/categories?post=643"},{"taxonomy":"post_tag","embeddable":true,"href":"https:\/\/gruene-idstein.de\/index.php\/wp-json\/wp\/v2\/tags?post=643"}],"curies":[{"name":"wp","href":"https:\/\/api.w.org\/{rel}","templated":true}]}}